{"id":33201,"date":"2026-04-30T16:50:06","date_gmt":"2026-04-30T20:50:06","guid":{"rendered":"https:\/\/produccion.gob.bo\/?post_type=nota_prensa&#038;p=33201"},"modified":"2026-04-30T16:50:06","modified_gmt":"2026-04-30T20:50:06","slug":"el-ministerio-de-desarrollo-productivo-acompana-la-presentacion-de-la-ley-de-emprendimientos-emergentes-para-reactivar-la-economia","status":"publish","type":"nota_prensa","link":"https:\/\/produccion.gob.bo\/index.php\/nota_prensa\/el-ministerio-de-desarrollo-productivo-acompana-la-presentacion-de-la-ley-de-emprendimientos-emergentes-para-reactivar-la-economia\/","title":{"rendered":"El Ministerio de Desarrollo Productivo acompa\u00f1a la presentaci\u00f3n de la Ley de Emprendimientos Emergentes para reactivar la econom\u00eda"},"featured_media":0,"template":"","class_list":["post-33201","nota_prensa","type-nota_prensa","status-publish","hentry"],"acf":[],"_links":{"self":[{"href":"https:\/\/produccion.gob.bo\/index.php\/wp-json\/wp\/v2\/nota_prensa\/33201","targetHints":{"allow":["GET"]}}],"collection":[{"href":"https:\/\/produccion.gob.bo\/index.php\/wp-json\/wp\/v2\/nota_prensa"}],"about":[{"href":"https:\/\/produccion.gob.bo\/index.php\/wp-json\/wp\/v2\/types\/nota_prensa"}],"wp:attachment":[{"href":"https:\/\/produccion.gob.bo\/index.php\/wp-json\/wp\/v2\/media?parent=33201"}],"curies":[{"name":"wp","href":"https:\/\/api.w.org\/{rel}","templated":true}]}}