{"id":33182,"date":"2026-04-30T10:50:15","date_gmt":"2026-04-30T14:50:15","guid":{"rendered":"https:\/\/produccion.gob.bo\/?post_type=nota_prensa&#038;p=33182"},"modified":"2026-04-30T10:50:15","modified_gmt":"2026-04-30T14:50:15","slug":"viceministra-viviana-mariscal-montano-participo-en-evento-de-cambio-climatico","status":"publish","type":"nota_prensa","link":"https:\/\/produccion.gob.bo\/index.php\/nota_prensa\/viceministra-viviana-mariscal-montano-participo-en-evento-de-cambio-climatico\/","title":{"rendered":"VICEMINISTRA VIVIANA MARISCAL MONTA\u00d1O PARTICIP\u00d3 EN EVENTO DE CAMBIO CLIM\u00c1TICO"},"featured_media":0,"template":"","class_list":["post-33182","nota_prensa","type-nota_prensa","status-publish","hentry"],"acf":[],"_links":{"self":[{"href":"https:\/\/produccion.gob.bo\/index.php\/wp-json\/wp\/v2\/nota_prensa\/33182","targetHints":{"allow":["GET"]}}],"collection":[{"href":"https:\/\/produccion.gob.bo\/index.php\/wp-json\/wp\/v2\/nota_prensa"}],"about":[{"href":"https:\/\/produccion.gob.bo\/index.php\/wp-json\/wp\/v2\/types\/nota_prensa"}],"wp:attachment":[{"href":"https:\/\/produccion.gob.bo\/index.php\/wp-json\/wp\/v2\/media?parent=33182"}],"curies":[{"name":"wp","href":"https:\/\/api.w.org\/{rel}","templated":true}]}}