{"id":18341,"date":"2025-05-29T11:51:04","date_gmt":"2025-05-29T15:51:04","guid":{"rendered":"https:\/\/produccion.gob.bo\/?post_type=nota_prensa&#038;p=18341"},"modified":"2025-11-05T14:46:58","modified_gmt":"2025-11-05T18:46:58","slug":"%f0%9d%90%81%f0%9d%90%a8%f0%9d%90%a5%f0%9d%90%a2%f0%9d%90%af%f0%9d%90%a2%f0%9d%90%9a-%f0%9d%90%ab%f0%9d%90%9e%f0%9d%90%9c%f0%9d%90%a2%f0%9d%90%9b%f0%9d%90%9e-%f0%9d%90%9a-%f0%9d%90%a8%f0%9d%90%a9","status":"publish","type":"nota_prensa","link":"https:\/\/produccion.gob.bo\/index.php\/nota_prensa\/%f0%9d%90%81%f0%9d%90%a8%f0%9d%90%a5%f0%9d%90%a2%f0%9d%90%af%f0%9d%90%a2%f0%9d%90%9a-%f0%9d%90%ab%f0%9d%90%9e%f0%9d%90%9c%f0%9d%90%a2%f0%9d%90%9b%f0%9d%90%9e-%f0%9d%90%9a-%f0%9d%90%a8%f0%9d%90%a9\/","title":{"rendered":"CONOCE BOLIVIA da inicio al FAM TRIP Internacional con la participaci\u00f3n de operadores tur\u00edsticos de Pa\u00edses Bajos"},"featured_media":0,"template":"","class_list":["post-18341","nota_prensa","type-nota_prensa","status-publish","hentry"],"acf":[],"_links":{"self":[{"href":"https:\/\/produccion.gob.bo\/index.php\/wp-json\/wp\/v2\/nota_prensa\/18341","targetHints":{"allow":["GET"]}}],"collection":[{"href":"https:\/\/produccion.gob.bo\/index.php\/wp-json\/wp\/v2\/nota_prensa"}],"about":[{"href":"https:\/\/produccion.gob.bo\/index.php\/wp-json\/wp\/v2\/types\/nota_prensa"}],"wp:attachment":[{"href":"https:\/\/produccion.gob.bo\/index.php\/wp-json\/wp\/v2\/media?parent=18341"}],"curies":[{"name":"wp","href":"https:\/\/api.w.org\/{rel}","templated":true}]}}